{"id":902,"date":"2024-05-28T14:15:12","date_gmt":"2024-05-28T12:15:12","guid":{"rendered":"https:\/\/canromagueras.com\/2024\/05\/28\/senderisme-ciclisme\/"},"modified":"2024-05-28T14:15:12","modified_gmt":"2024-05-28T12:15:12","slug":"senderisme-ciclisme","status":"publish","type":"post","link":"https:\/\/canromagueras.com\/ca\/senderisme-ciclisme\/","title":{"rendered":"Senderisme\/Ciclisme"},"content":{"rendered":"<p>Aquest tra\u00e7at travessa tres comarques i dotze pobles i recorre les valls dels rius Fluvi\u00e0,<br \/>\nBrugent i Ter.<\/p>\n<p>La ruta avan\u00e7a en suau pendent des del lloc de partida, Olot ( 440 m),<br \/>\nfins al d&#8217;arribada, Girona (70m), i t\u00e9 el punt m\u00e9s elevat al coll d&#8217;En Bas, a 589<br \/>\nmetres sobre el nivell del mar.<\/p>\n<p>El recorregut, apte per a vianants i bicicletes, es troba en molt bon estat, condicionat amb ponts, baranes i senyalitzaci\u00f3 homog\u00e8nia.<\/p>\n<p>Aquesta ruta forma part de la xarxa de Camins Naturals d&#8217;Espanya, i s&#8217;inclou al Programa<br \/>\nde Camins Naturals\u201d.<\/p>\n<blockquote class=\"wp-embedded-content\" data-secret=\"2qIEHnDxej\"><p><a href=\"https:\/\/www.viesverdes.cat\/es\/rutes_vies_verdes\/ruta-del-carrilet-i-es\/\">Ruta del Carrilet I<\/a><\/p><\/blockquote>\n<p><iframe class=\"wp-embedded-content\" sandbox=\"allow-scripts\" security=\"restricted\" style=\"position: absolute; clip: rect(1px, 1px, 1px, 1px);\" title=\"\u00abRuta del Carrilet I\u00bb \u2014 Vies Verdes i Pirinexus\" src=\"https:\/\/www.viesverdes.cat\/es\/rutes_vies_verdes\/ruta-del-carrilet-i-es\/embed\/#?secret=SUFCaHlEWc#?secret=2qIEHnDxej\" data-secret=\"2qIEHnDxej\" width=\"500\" height=\"282\" frameborder=\"0\" marginwidth=\"0\" marginheight=\"0\" scrolling=\"no\"><\/iframe><\/p>\n","protected":false},"excerpt":{"rendered":"<p>Aquest tra\u00e7at travessa tres comarques i dotze pobles i recorre les valls dels rius Fluvi\u00e0, Brugent i Ter. La ruta [&hellip;]<\/p>\n","protected":false},"author":1,"featured_media":760,"comment_status":"open","ping_status":"open","sticky":false,"template":"","format":"standard","meta":{"site-sidebar-layout":"default","site-content-layout":"","ast-site-content-layout":"default","site-content-style":"default","site-sidebar-style":"default","ast-global-header-display":"","ast-banner-title-visibility":"","ast-main-header-display":"","ast-hfb-above-header-display":"","ast-hfb-below-header-display":"","ast-hfb-mobile-header-display":"","site-post-title":"","ast-breadcrumbs-content":"","ast-featured-img":"","footer-sml-layout":"","ast-disable-related-posts":"","theme-transparent-header-meta":"default","adv-header-id-meta":"","stick-header-meta":"","header-above-stick-meta":"","header-main-stick-meta":"","header-below-stick-meta":"","astra-migrate-meta-layouts":"default","ast-page-background-enabled":"default","ast-page-background-meta":{"desktop":{"background-color":"var(--ast-global-color-4)","background-image":"","background-repeat":"repeat","background-position":"center center","background-size":"auto","background-attachment":"scroll","background-type":"","background-media":"","overlay-type":"","overlay-color":"","overlay-opacity":"","overlay-gradient":""},"tablet":{"background-color":"","background-image":"","background-repeat":"repeat","background-position":"center center","background-size":"auto","background-attachment":"scroll","background-type":"","background-media":"","overlay-type":"","overlay-color":"","overlay-opacity":"","overlay-gradient":""},"mobile":{"background-color":"","background-image":"","background-repeat":"repeat","background-position":"center center","background-size":"auto","background-attachment":"scroll","background-type":"","background-media":"","overlay-type":"","overlay-color":"","overlay-opacity":"","overlay-gradient":""}},"ast-content-background-meta":{"desktop":{"background-color":"var(--ast-global-color-5)","background-image":"","background-repeat":"repeat","background-position":"center center","background-size":"auto","background-attachment":"scroll","background-type":"","background-media":"","overlay-type":"","overlay-color":"","overlay-opacity":"","overlay-gradient":""},"tablet":{"background-color":"var(--ast-global-color-5)","background-image":"","background-repeat":"repeat","background-position":"center center","background-size":"auto","background-attachment":"scroll","background-type":"","background-media":"","overlay-type":"","overlay-color":"","overlay-opacity":"","overlay-gradient":""},"mobile":{"background-color":"var(--ast-global-color-5)","background-image":"","background-repeat":"repeat","background-position":"center center","background-size":"auto","background-attachment":"scroll","background-type":"","background-media":"","overlay-type":"","overlay-color":"","overlay-opacity":"","overlay-gradient":""}},"_joinchat":[],"footnotes":""},"categories":[52],"tags":[],"class_list":["post-902","post","type-post","status-publish","format-standard","has-post-thumbnail","hentry","category-activitats"],"yoast_head":"<!-- This site is optimized with the Yoast SEO Premium plugin v25.8 (Yoast SEO v25.8) - https:\/\/yoast.com\/wordpress\/plugins\/seo\/ -->\n<title>Senderisme\/Ciclisme - Can Romagueras<\/title>\n<meta name=\"description\" content=\"Aquest tra\u00e7at travessa tres comarques i dotze pobles i recorre les valls dels rius Fluvi\u00e0, Brugent i Ter. La ruta avan\u00e7a en suau pendent des del lloc de\" \/>\n<meta name=\"robots\" content=\"index, follow, max-snippet:-1, max-image-preview:large, max-video-preview:-1\" \/>\n<link rel=\"canonical\" href=\"https:\/\/canromagueras.com\/senderismo-ciclismo\/\" \/>\n<meta property=\"og:locale\" content=\"ca_ES\" \/>\n<meta property=\"og:type\" content=\"article\" \/>\n<meta property=\"og:title\" content=\"Senderisme\/Ciclisme Can Romagueras\" \/>\n<meta property=\"og:description\" content=\"Aquest tra\u00e7at travessa tres comarques i dotze pobles i recorre les valls dels rius Fluvi\u00e0, Brugent i Ter. La ruta avan\u00e7a en suau pendent des del lloc de\" \/>\n<meta property=\"og:url\" content=\"https:\/\/canromagueras.com\/senderismo-ciclismo\/\" \/>\n<meta property=\"og:site_name\" content=\"Can Romagueras\" \/>\n<meta property=\"article:published_time\" content=\"2024-05-28T12:15:12+00:00\" \/>\n<meta property=\"og:image\" content=\"https:\/\/canromagueras.com\/wp-content\/uploads\/2024\/05\/hikers-trekking-in-a-forest-together-2023-11-27-05-32-42-utc-scaled.jpg\" \/>\n\t<meta property=\"og:image:width\" content=\"2560\" \/>\n\t<meta property=\"og:image:height\" content=\"1650\" \/>\n\t<meta property=\"og:image:type\" content=\"image\/jpeg\" \/>\n<meta name=\"author\" content=\"alex\" \/>\n<meta name=\"twitter:card\" content=\"summary_large_image\" \/>\n<meta name=\"twitter:label1\" content=\"Escrit per\" \/>\n\t<meta name=\"twitter:data1\" content=\"alex\" \/>\n\t<meta name=\"twitter:label2\" content=\"Temps estimat de lectura\" \/>\n\t<meta name=\"twitter:data2\" content=\"1 minut\" \/>\n<script type=\"application\/ld+json\" class=\"yoast-schema-graph\">{\"@context\":\"https:\/\/schema.org\",\"@graph\":[{\"@type\":\"Article\",\"@id\":\"https:\/\/canromagueras.com\/senderismo-ciclismo\/#article\",\"isPartOf\":{\"@id\":\"https:\/\/canromagueras.com\/senderismo-ciclismo\/\"},\"author\":{\"name\":\"alex\",\"@id\":\"https:\/\/canromagueras.com\/#\/schema\/person\/6798f61f436a9af3e6a12bc0556555a3\"},\"headline\":\"Senderisme\/Ciclisme\",\"datePublished\":\"2024-05-28T12:15:12+00:00\",\"mainEntityOfPage\":{\"@id\":\"https:\/\/canromagueras.com\/senderismo-ciclismo\/\"},\"wordCount\":111,\"commentCount\":0,\"publisher\":{\"@id\":\"https:\/\/canromagueras.com\/#organization\"},\"image\":{\"@id\":\"https:\/\/canromagueras.com\/senderismo-ciclismo\/#primaryimage\"},\"thumbnailUrl\":\"https:\/\/canromagueras.com\/wp-content\/uploads\/2024\/05\/hikers-trekking-in-a-forest-together-2023-11-27-05-32-42-utc-scaled.jpg\",\"articleSection\":[\"Activitats\"],\"inLanguage\":\"ca\",\"potentialAction\":[{\"@type\":\"CommentAction\",\"name\":\"Comment\",\"target\":[\"https:\/\/canromagueras.com\/senderismo-ciclismo\/#respond\"]}]},{\"@type\":\"WebPage\",\"@id\":\"https:\/\/canromagueras.com\/senderismo-ciclismo\/\",\"url\":\"https:\/\/canromagueras.com\/senderismo-ciclismo\/\",\"name\":\"Senderisme\/Ciclisme - Can Romagueras\",\"isPartOf\":{\"@id\":\"https:\/\/canromagueras.com\/#website\"},\"primaryImageOfPage\":{\"@id\":\"https:\/\/canromagueras.com\/senderismo-ciclismo\/#primaryimage\"},\"image\":{\"@id\":\"https:\/\/canromagueras.com\/senderismo-ciclismo\/#primaryimage\"},\"thumbnailUrl\":\"https:\/\/canromagueras.com\/wp-content\/uploads\/2024\/05\/hikers-trekking-in-a-forest-together-2023-11-27-05-32-42-utc-scaled.jpg\",\"datePublished\":\"2024-05-28T12:15:12+00:00\",\"description\":\"Aquest tra\u00e7at travessa tres comarques i dotze pobles i recorre les valls dels rius Fluvi\u00e0, Brugent i Ter. La ruta avan\u00e7a en suau pendent des del lloc de\",\"breadcrumb\":{\"@id\":\"https:\/\/canromagueras.com\/senderismo-ciclismo\/#breadcrumb\"},\"inLanguage\":\"ca\",\"potentialAction\":[{\"@type\":\"ReadAction\",\"target\":[\"https:\/\/canromagueras.com\/senderismo-ciclismo\/\"]}]},{\"@type\":\"ImageObject\",\"inLanguage\":\"ca\",\"@id\":\"https:\/\/canromagueras.com\/senderismo-ciclismo\/#primaryimage\",\"url\":\"https:\/\/canromagueras.com\/wp-content\/uploads\/2024\/05\/hikers-trekking-in-a-forest-together-2023-11-27-05-32-42-utc-scaled.jpg\",\"contentUrl\":\"https:\/\/canromagueras.com\/wp-content\/uploads\/2024\/05\/hikers-trekking-in-a-forest-together-2023-11-27-05-32-42-utc-scaled.jpg\",\"width\":2560,\"height\":1650,\"caption\":\"Hikers trekking in a forest together\"},{\"@type\":\"BreadcrumbList\",\"@id\":\"https:\/\/canromagueras.com\/senderismo-ciclismo\/#breadcrumb\",\"itemListElement\":[{\"@type\":\"ListItem\",\"position\":1,\"name\":\"Portada\",\"item\":\"https:\/\/canromagueras.com\/\"},{\"@type\":\"ListItem\",\"position\":2,\"name\":\"Senderisme\/Ciclisme\"}]},{\"@type\":\"WebSite\",\"@id\":\"https:\/\/canromagueras.com\/#website\",\"url\":\"https:\/\/canromagueras.com\/\",\"name\":\"Can Romagueras\",\"description\":\"Acogedor alojamiento rural situado en La Cellera de Ter\",\"publisher\":{\"@id\":\"https:\/\/canromagueras.com\/#organization\"},\"potentialAction\":[{\"@type\":\"SearchAction\",\"target\":{\"@type\":\"EntryPoint\",\"urlTemplate\":\"https:\/\/canromagueras.com\/?s={search_term_string}\"},\"query-input\":{\"@type\":\"PropertyValueSpecification\",\"valueRequired\":true,\"valueName\":\"search_term_string\"}}],\"inLanguage\":\"ca\"},{\"@type\":\"Organization\",\"@id\":\"https:\/\/canromagueras.com\/#organization\",\"name\":\"Can Romagueras\",\"url\":\"https:\/\/canromagueras.com\/\",\"logo\":{\"@type\":\"ImageObject\",\"inLanguage\":\"ca\",\"@id\":\"https:\/\/canromagueras.com\/#\/schema\/logo\/image\/\",\"url\":\"https:\/\/canromagueras.com\/wp-content\/uploads\/2024\/05\/l1.png\",\"contentUrl\":\"https:\/\/canromagueras.com\/wp-content\/uploads\/2024\/05\/l1.png\",\"width\":470,\"height\":208,\"caption\":\"Can Romagueras\"},\"image\":{\"@id\":\"https:\/\/canromagueras.com\/#\/schema\/logo\/image\/\"}},{\"@type\":\"Person\",\"@id\":\"https:\/\/canromagueras.com\/#\/schema\/person\/6798f61f436a9af3e6a12bc0556555a3\",\"name\":\"alex\",\"image\":{\"@type\":\"ImageObject\",\"inLanguage\":\"ca\",\"@id\":\"https:\/\/canromagueras.com\/#\/schema\/person\/image\/\",\"url\":\"https:\/\/secure.gravatar.com\/avatar\/c9c911e8a99dafa48c3b07fc85a753e496d53e54e3b6ad0371e25dde9c89bc82?s=96&d=mm&r=g\",\"contentUrl\":\"https:\/\/secure.gravatar.com\/avatar\/c9c911e8a99dafa48c3b07fc85a753e496d53e54e3b6ad0371e25dde9c89bc82?s=96&d=mm&r=g\",\"caption\":\"alex\"},\"sameAs\":[\"https:\/\/canromagueras.com\"],\"url\":\"https:\/\/canromagueras.com\/ca\/author\/alex\/\"}]}<\/script>\n<!-- \/ Yoast SEO Premium plugin. -->","yoast_head_json":{"title":"Senderisme\/Ciclisme - Can Romagueras","description":"Aquest tra\u00e7at travessa tres comarques i dotze pobles i recorre les valls dels rius Fluvi\u00e0, Brugent i Ter. La ruta avan\u00e7a en suau pendent des del lloc de","robots":{"index":"index","follow":"follow","max-snippet":"max-snippet:-1","max-image-preview":"max-image-preview:large","max-video-preview":"max-video-preview:-1"},"canonical":"https:\/\/canromagueras.com\/senderismo-ciclismo\/","og_locale":"ca_ES","og_type":"article","og_title":"Senderisme\/Ciclisme Can Romagueras","og_description":"Aquest tra\u00e7at travessa tres comarques i dotze pobles i recorre les valls dels rius Fluvi\u00e0, Brugent i Ter. La ruta avan\u00e7a en suau pendent des del lloc de","og_url":"https:\/\/canromagueras.com\/senderismo-ciclismo\/","og_site_name":"Can Romagueras","article_published_time":"2024-05-28T12:15:12+00:00","og_image":[{"width":2560,"height":1650,"url":"https:\/\/canromagueras.com\/wp-content\/uploads\/2024\/05\/hikers-trekking-in-a-forest-together-2023-11-27-05-32-42-utc-scaled.jpg","type":"image\/jpeg"}],"author":"alex","twitter_card":"summary_large_image","twitter_misc":{"Escrit per":"alex","Temps estimat de lectura":"1 minut"},"schema":{"@context":"https:\/\/schema.org","@graph":[{"@type":"Article","@id":"https:\/\/canromagueras.com\/senderismo-ciclismo\/#article","isPartOf":{"@id":"https:\/\/canromagueras.com\/senderismo-ciclismo\/"},"author":{"name":"alex","@id":"https:\/\/canromagueras.com\/#\/schema\/person\/6798f61f436a9af3e6a12bc0556555a3"},"headline":"Senderisme\/Ciclisme","datePublished":"2024-05-28T12:15:12+00:00","mainEntityOfPage":{"@id":"https:\/\/canromagueras.com\/senderismo-ciclismo\/"},"wordCount":111,"commentCount":0,"publisher":{"@id":"https:\/\/canromagueras.com\/#organization"},"image":{"@id":"https:\/\/canromagueras.com\/senderismo-ciclismo\/#primaryimage"},"thumbnailUrl":"https:\/\/canromagueras.com\/wp-content\/uploads\/2024\/05\/hikers-trekking-in-a-forest-together-2023-11-27-05-32-42-utc-scaled.jpg","articleSection":["Activitats"],"inLanguage":"ca","potentialAction":[{"@type":"CommentAction","name":"Comment","target":["https:\/\/canromagueras.com\/senderismo-ciclismo\/#respond"]}]},{"@type":"WebPage","@id":"https:\/\/canromagueras.com\/senderismo-ciclismo\/","url":"https:\/\/canromagueras.com\/senderismo-ciclismo\/","name":"Senderisme\/Ciclisme - Can Romagueras","isPartOf":{"@id":"https:\/\/canromagueras.com\/#website"},"primaryImageOfPage":{"@id":"https:\/\/canromagueras.com\/senderismo-ciclismo\/#primaryimage"},"image":{"@id":"https:\/\/canromagueras.com\/senderismo-ciclismo\/#primaryimage"},"thumbnailUrl":"https:\/\/canromagueras.com\/wp-content\/uploads\/2024\/05\/hikers-trekking-in-a-forest-together-2023-11-27-05-32-42-utc-scaled.jpg","datePublished":"2024-05-28T12:15:12+00:00","description":"Aquest tra\u00e7at travessa tres comarques i dotze pobles i recorre les valls dels rius Fluvi\u00e0, Brugent i Ter. La ruta avan\u00e7a en suau pendent des del lloc de","breadcrumb":{"@id":"https:\/\/canromagueras.com\/senderismo-ciclismo\/#breadcrumb"},"inLanguage":"ca","potentialAction":[{"@type":"ReadAction","target":["https:\/\/canromagueras.com\/senderismo-ciclismo\/"]}]},{"@type":"ImageObject","inLanguage":"ca","@id":"https:\/\/canromagueras.com\/senderismo-ciclismo\/#primaryimage","url":"https:\/\/canromagueras.com\/wp-content\/uploads\/2024\/05\/hikers-trekking-in-a-forest-together-2023-11-27-05-32-42-utc-scaled.jpg","contentUrl":"https:\/\/canromagueras.com\/wp-content\/uploads\/2024\/05\/hikers-trekking-in-a-forest-together-2023-11-27-05-32-42-utc-scaled.jpg","width":2560,"height":1650,"caption":"Hikers trekking in a forest together"},{"@type":"BreadcrumbList","@id":"https:\/\/canromagueras.com\/senderismo-ciclismo\/#breadcrumb","itemListElement":[{"@type":"ListItem","position":1,"name":"Portada","item":"https:\/\/canromagueras.com\/"},{"@type":"ListItem","position":2,"name":"Senderisme\/Ciclisme"}]},{"@type":"WebSite","@id":"https:\/\/canromagueras.com\/#website","url":"https:\/\/canromagueras.com\/","name":"Can Romagueras","description":"Acogedor alojamiento rural situado en La Cellera de Ter","publisher":{"@id":"https:\/\/canromagueras.com\/#organization"},"potentialAction":[{"@type":"SearchAction","target":{"@type":"EntryPoint","urlTemplate":"https:\/\/canromagueras.com\/?s={search_term_string}"},"query-input":{"@type":"PropertyValueSpecification","valueRequired":true,"valueName":"search_term_string"}}],"inLanguage":"ca"},{"@type":"Organization","@id":"https:\/\/canromagueras.com\/#organization","name":"Can Romagueras","url":"https:\/\/canromagueras.com\/","logo":{"@type":"ImageObject","inLanguage":"ca","@id":"https:\/\/canromagueras.com\/#\/schema\/logo\/image\/","url":"https:\/\/canromagueras.com\/wp-content\/uploads\/2024\/05\/l1.png","contentUrl":"https:\/\/canromagueras.com\/wp-content\/uploads\/2024\/05\/l1.png","width":470,"height":208,"caption":"Can Romagueras"},"image":{"@id":"https:\/\/canromagueras.com\/#\/schema\/logo\/image\/"}},{"@type":"Person","@id":"https:\/\/canromagueras.com\/#\/schema\/person\/6798f61f436a9af3e6a12bc0556555a3","name":"alex","image":{"@type":"ImageObject","inLanguage":"ca","@id":"https:\/\/canromagueras.com\/#\/schema\/person\/image\/","url":"https:\/\/secure.gravatar.com\/avatar\/c9c911e8a99dafa48c3b07fc85a753e496d53e54e3b6ad0371e25dde9c89bc82?s=96&d=mm&r=g","contentUrl":"https:\/\/secure.gravatar.com\/avatar\/c9c911e8a99dafa48c3b07fc85a753e496d53e54e3b6ad0371e25dde9c89bc82?s=96&d=mm&r=g","caption":"alex"},"sameAs":["https:\/\/canromagueras.com"],"url":"https:\/\/canromagueras.com\/ca\/author\/alex\/"}]}},"_links":{"self":[{"href":"https:\/\/canromagueras.com\/ca\/wp-json\/wp\/v2\/posts\/902","targetHints":{"allow":["GET"]}}],"collection":[{"href":"https:\/\/canromagueras.com\/ca\/wp-json\/wp\/v2\/posts"}],"about":[{"href":"https:\/\/canromagueras.com\/ca\/wp-json\/wp\/v2\/types\/post"}],"author":[{"embeddable":true,"href":"https:\/\/canromagueras.com\/ca\/wp-json\/wp\/v2\/users\/1"}],"replies":[{"embeddable":true,"href":"https:\/\/canromagueras.com\/ca\/wp-json\/wp\/v2\/comments?post=902"}],"version-history":[{"count":0,"href":"https:\/\/canromagueras.com\/ca\/wp-json\/wp\/v2\/posts\/902\/revisions"}],"wp:featuredmedia":[{"embeddable":true,"href":"https:\/\/canromagueras.com\/ca\/wp-json\/wp\/v2\/media\/760"}],"wp:attachment":[{"href":"https:\/\/canromagueras.com\/ca\/wp-json\/wp\/v2\/media?parent=902"}],"wp:term":[{"taxonomy":"category","embeddable":true,"href":"https:\/\/canromagueras.com\/ca\/wp-json\/wp\/v2\/categories?post=902"},{"taxonomy":"post_tag","embeddable":true,"href":"https:\/\/canromagueras.com\/ca\/wp-json\/wp\/v2\/tags?post=902"}],"curies":[{"name":"wp","href":"https:\/\/api.w.org\/{rel}","templated":true}]}}